{"id":1180,"date":"2021-02-24T16:23:34","date_gmt":"2021-02-24T16:23:34","guid":{"rendered":"https:\/\/fxsanmarti.com\/cajas_carton\/?p=1180"},"modified":"2021-02-26T16:25:04","modified_gmt":"2021-02-26T16:25:04","slug":"el-reciclaje-y-las-politicas-publicas","status":"publish","type":"post","link":"https:\/\/fxsanmarti.com\/cajas_carton\/el-reciclaje-y-las-politicas-publicas\/","title":{"rendered":"El reciclaje y las pol\u00edticas p\u00fablicas"},"content":{"rendered":"<p>Imaginemos que todo lo que est\u00e1 hecho de pl\u00e1stico en nuestro hogar desapareciera ahora mismo. Nuestro entorno cambiar\u00eda much\u00edsimo: los aparatos electr\u00f3nicos ser\u00edan cables y circuitos expuestos, habr\u00eda garbanzos y arroz desparramados por toda la cocina, incluso hasta la ropa que llevamos puestas podr\u00eda desaparecer.<\/p>\n<blockquote><p>El pl\u00e1stico est\u00e1 en todas partes, hasta en la Luna: la bandera estadounidense plantada por Neil Armstrong es de pl\u00e1stico.<\/p><\/blockquote>\n<p>Esa omnipresencia habla de su utilidad y versatilidad, pero tambi\u00e9n de nuestra dependencia.\u00a0<strong>El verdadero problema surge a la hora de desecharlo<\/strong>: lo que no se recicla o se reutiliza, se convierte en <strong>basura que tarda cientos de a\u00f1os en descomponerse en el medio ambiente<\/strong>. Es necesario cambiar la impresi\u00f3n general de que la basura deja de ser problema una vez que la hemos descartado.<\/p>\n<p>Ya que es dif\u00edcil librarnos del pl\u00e1stico de un d\u00eda para el otro, es fundamental que los poderes p\u00fablicos busquen formas de reutilizarlo o reciclarlo.<\/p>\n<p>Por lo general, quienes tienen la voluntad de separar residuos chocan con el problema de no saber qu\u00e9 hacer despu\u00e9s con ellos.<\/p>\n<h3>Pol\u00edticas p\u00fablicas de reciclaje<\/h3>\n<p>Los residuos son un problema muy importante en las grandes ciudades.\u00a0En casi todos los pa\u00edses del mundo hay que <strong>aumentar el servicio de recogida selectiva de basuras ya que es claramente insuficiente<\/strong> el que hay en la actualidad.\u00a0El tama\u00f1o de la poblaci\u00f3n y los residuos que \u00e9sta genera son relevantes a nivel social, porque crean puestos de trabajo en un sector de la poblaci\u00f3n que no logra obtener empleo en otras cadenas productivas.<\/p>\n<blockquote><p>Los Servicios P\u00fablicos de todo el mundo reconocen que hay que aumentar las pol\u00edticas de reciclaje<\/p><\/blockquote>\n<p>En la ciudad de la Vila Joiosa, en la Comunitat Valenciana fue presentado \u201c<a href=\"https:\/\/elretodelreciclaje.com\/\">El Reto del Reciclaje<\/a>\u201d campa\u00f1a promovida por la Conselleria d\u2019Agricultura junto con Consorcios de la Comunitat Valenciana. El reto premia al municipio que consiga reciclar m\u00e1s y aumentar los n\u00fameros de recolecta de envases (latas, bricks y envases de pl\u00e1stico) y de <a href=\"https:\/\/fxsanmarti.com\/\">papel y cart\u00f3n.<\/a><img loading=\"lazy\" decoding=\"async\" class=\"aligncenter size-full wp-image-1269\" src=\"https:\/\/fxsanmarti.com\/cajas_carton\/wp-content\/uploads\/2021\/02\/farbica-recicla.jpg\" alt=\"\" width=\"599\" height=\"322\" srcset=\"https:\/\/fxsanmarti.com\/cajas_carton\/wp-content\/uploads\/2021\/02\/farbica-recicla.jpg 599w, https:\/\/fxsanmarti.com\/cajas_carton\/wp-content\/uploads\/2021\/02\/farbica-recicla-300x161.jpg 300w\" sizes=\"auto, (max-width: 599px) 100vw, 599px\" \/><\/p>\n<p>El reciclaje de residuos puede disminuir la necesidad de recursos de materia prima, optimizando el costo de toda la cadena productiva. La gesti\u00f3n institucional es imprescindible para aplicar pol\u00edticas p\u00fablicas y crear leyes relacionadas.<\/p>\n<blockquote><p>Tiene que haber predisposici\u00f3n de los vecinos en separar los residuos.<\/p><\/blockquote>\n<p>Para incrementar los residuos hay que tener una pol\u00edtica p\u00fablica de educaci\u00f3n ambiental en la segregaci\u00f3n de los residuos. Con el incremento de los residuos se puede disminuir el coste del proceso de selecci\u00f3n, generando m\u00e1s econom\u00eda y m\u00e1s empleos.<\/p>\n","protected":false},"excerpt":{"rendered":"<p>Imaginemos que todo lo que est\u00e1 hecho de pl\u00e1stico en nuestro hogar desapareciera ahora mismo. Nuestro entorno cambiar\u00eda much\u00edsimo: los aparatos electr\u00f3nicos ser\u00edan cables y circuitos expuestos, habr\u00eda garbanzos y arroz desparramados por toda la cocina, incluso hasta la ropa que llevamos puestas podr\u00eda desaparecer. El pl\u00e1stico est\u00e1 en todas partes, hasta en la Luna:&#8230;<\/p>\n","protected":false},"author":2,"featured_media":1270,"comment_status":"closed","ping_status":"closed","sticky":false,"template":"","format":"standard","meta":{"footnotes":""},"categories":[5,8,11],"tags":[53,54],"class_list":["post-1180","post","type-post","status-publish","format-standard","has-post-thumbnail","hentry","category-cajas-de-carton","category-carton-reciclado","category-ecologia","tag-reciclaje","tag-reciclaje-de-carton"],"_links":{"self":[{"href":"https:\/\/fxsanmarti.com\/cajas_carton\/wp-json\/wp\/v2\/posts\/1180","targetHints":{"allow":["GET"]}}],"collection":[{"href":"https:\/\/fxsanmarti.com\/cajas_carton\/wp-json\/wp\/v2\/posts"}],"about":[{"href":"https:\/\/fxsanmarti.com\/cajas_carton\/wp-json\/wp\/v2\/types\/post"}],"author":[{"embeddable":true,"href":"https:\/\/fxsanmarti.com\/cajas_carton\/wp-json\/wp\/v2\/users\/2"}],"replies":[{"embeddable":true,"href":"https:\/\/fxsanmarti.com\/cajas_carton\/wp-json\/wp\/v2\/comments?post=1180"}],"version-history":[{"count":10,"href":"https:\/\/fxsanmarti.com\/cajas_carton\/wp-json\/wp\/v2\/posts\/1180\/revisions"}],"predecessor-version":[{"id":1275,"href":"https:\/\/fxsanmarti.com\/cajas_carton\/wp-json\/wp\/v2\/posts\/1180\/revisions\/1275"}],"wp:featuredmedia":[{"embeddable":true,"href":"https:\/\/fxsanmarti.com\/cajas_carton\/wp-json\/wp\/v2\/media\/1270"}],"wp:attachment":[{"href":"https:\/\/fxsanmarti.com\/cajas_carton\/wp-json\/wp\/v2\/media?parent=1180"}],"wp:term":[{"taxonomy":"category","embeddable":true,"href":"https:\/\/fxsanmarti.com\/cajas_carton\/wp-json\/wp\/v2\/categories?post=1180"},{"taxonomy":"post_tag","embeddable":true,"href":"https:\/\/fxsanmarti.com\/cajas_carton\/wp-json\/wp\/v2\/tags?post=1180"}],"curies":[{"name":"wp","href":"https:\/\/api.w.org\/{rel}","templated":true}]}}