{"id":1194,"date":"2020-10-06T18:10:22","date_gmt":"2020-10-06T18:10:22","guid":{"rendered":"https:\/\/fxsanmarti.com\/cajas_carton\/?p=1194"},"modified":"2020-10-06T18:10:22","modified_gmt":"2020-10-06T18:10:22","slug":"cajas-cunas-de-carton-espanolas","status":"publish","type":"post","link":"https:\/\/fxsanmarti.com\/cajas_carton\/cajas-cunas-de-carton-espanolas\/","title":{"rendered":"Cajas-cunas de cart\u00f3n espa\u00f1olas"},"content":{"rendered":"<p><span style=\"font-family: Calibri, sans-serif;\"><span style=\"font-size: medium;\">Hace unos meses habl\u00e1bamos en esta misma \u201cpantalla\u201d <\/span><\/span><span style=\"font-family: Calibri, sans-serif;\"><span style=\"font-size: medium;\">d<\/span><\/span><span style=\"font-family: Calibri, sans-serif;\"><span style=\"font-size: medium;\">e las <a href=\"https:\/\/fxsanmarti.com\/cajas_carton\/cunas-de-carton-para-reducir-la-mortalidad-infantil\/\">cajas cuna de cart\u00f3n finlandesas<\/a>. Explic\u00e1<\/span><\/span><span style=\"color: #333333;\"><span style=\"font-family: Calibri, sans-serif;\"><span style=\"font-size: medium;\">bamos que en origen fueron un obsequio que empez\u00f3 a repartirse en 1938 en el pa\u00eds n\u00f3rdico y que, al principio, era s\u00f3lo para familias con bajos recursos. Esto cambi\u00f3 en 1949 cuando\u00a0<\/span><\/span><\/span><strong><span style=\"color: #333333;\"><span style=\"font-family: Calibri, sans-serif;\"><span style=\"font-size: medium;\">empez\u00f3 a repartirse a todas las futuras madres<\/span><\/span><\/span><\/strong><span style=\"color: #333333;\"><span style=\"font-family: Calibri, sans-serif;\"><span style=\"font-size: medium;\">. Para obtener la caja era obligatorio visitarse por un m\u00e9dico y asistir a una cl\u00ednica p\u00fablica prenatal antes de los cuatro meses de embarazo. <\/span><\/span><\/span><\/p>\n<p><span style=\"font-family: Calibri, sans-serif;\"><span style=\"font-size: medium;\">Hace un tiempo una pareja espa\u00f1ola <\/span><\/span><span style=\"color: #333333;\"><span style=\"font-family: Calibri, sans-serif;\"><span style=\"font-size: medium;\"> Mar\u00eda y Rub\u00e9n conocieron la historia de esta caja-cuna <\/span><\/span><\/span><span style=\"color: #333333;\"><span style=\"font-family: Calibri, sans-serif;\"><span style=\"font-size: medium;\">cuando estaban esperando su primer hijo. Q<\/span><\/span><\/span><span style=\"color: #333333;\"><span style=\"font-family: Calibri, sans-serif;\"><span style=\"font-size: medium;\">uedaron maravillados, pues realmente se dieron cuenta de que hac\u00eda falta muy poco para criar a un beb\u00e9 sano y feliz. <\/span><\/span><\/span><span style=\"color: #333333;\"><span style=\"font-family: Calibri, sans-serif;\"><span style=\"font-size: medium;\">Lo primero que se propusieron fue encontrar el modo de hacerse con una de estas cajas-cuna de cart\u00f3n finlandesas. <\/span><\/span><\/span><\/p>\n<p><span style=\"color: #333333;\"><span style=\"font-family: Calibri, sans-serif;\"><span style=\"font-size: medium;\">L<\/span><\/span><\/span><span style=\"color: #333333;\"><span style=\"font-family: Calibri, sans-serif;\"><span style=\"font-size: medium;\">a pareja <\/span><\/span><\/span><span style=\"color: #333333;\"><span style=\"font-family: Calibri, sans-serif;\"><span style=\"font-size: medium;\">dio muchas<\/span><\/span><\/span><span style=\"color: #333333;\"><span style=\"font-family: Calibri, sans-serif;\"><span style=\"font-size: medium;\"> vueltas para encontrar una puesto que en Espa\u00f1a no se comercializaban estas cajas-cunas de cart\u00f3n. Por ello decidieron embarcarse en el proyecto de hacer posible las cajas-cuna de cart\u00f3n espa\u00f1olas. <\/span><\/span><\/span><span style=\"color: #333333;\"><span style=\"font-family: Calibri, sans-serif;\"><span style=\"font-size: medium;\">\u00abPensamos en dise\u00f1ar una caja similar a la finlandesa -comentan- para que se vendiera en Espa\u00f1a y dar as\u00ed la oportunidad a los padres que quisieran comprarla para sus beb\u00e9s, de hacerlo de forma c\u00f3moda y sin los gastos de env\u00edo que supone comprarla fuera del pa\u00eds\u00bb<\/span><\/span><\/span><\/p>\n<figure id=\"attachment_1196\" aria-describedby=\"caption-attachment-1196\" style=\"width: 640px\" class=\"wp-caption aligncenter\"><img loading=\"lazy\" decoding=\"async\" class=\"size-large wp-image-1196\" src=\"https:\/\/fxsanmarti.com\/cajas_carton\/wp-content\/uploads\/2020\/10\/caja2-1024x1024.jpg\" alt=\"\" width=\"640\" height=\"640\" srcset=\"https:\/\/fxsanmarti.com\/cajas_carton\/wp-content\/uploads\/2020\/10\/caja2-1024x1024.jpg 1024w, https:\/\/fxsanmarti.com\/cajas_carton\/wp-content\/uploads\/2020\/10\/caja2-150x150.jpg 150w, https:\/\/fxsanmarti.com\/cajas_carton\/wp-content\/uploads\/2020\/10\/caja2-300x300.jpg 300w, https:\/\/fxsanmarti.com\/cajas_carton\/wp-content\/uploads\/2020\/10\/caja2-768x768.jpg 768w, https:\/\/fxsanmarti.com\/cajas_carton\/wp-content\/uploads\/2020\/10\/caja2-170x170.jpg 170w, https:\/\/fxsanmarti.com\/cajas_carton\/wp-content\/uploads\/2020\/10\/caja2-68x68.jpg 68w, https:\/\/fxsanmarti.com\/cajas_carton\/wp-content\/uploads\/2020\/10\/caja2.jpg 1080w\" sizes=\"auto, (max-width: 640px) 100vw, 640px\" \/><figcaption id=\"caption-attachment-1196\" class=\"wp-caption-text\">La caja-cuna de cart\u00f3n Suvituuli es muy \u00fatil para que los beb\u00e9s duerman en ella hasta los cuatro o cinco meses, despu\u00e9s puede utilizarse para guardar ropa o juguetes<\/figcaption><\/figure>\n<p><span style=\"color: #333333;\"><span style=\"font-family: Calibri, sans-serif;\"><span style=\"font-size: medium;\">Tras meses de trabajo y esfuerzos Mar\u00eda y Rub\u00e9n pudieron <\/span><\/span><\/span><span style=\"color: #333333;\"><span style=\"font-family: Calibri, sans-serif;\"><span style=\"font-size: medium;\">hacer realidad<\/span><\/span><\/span><span style=\"color: #333333;\"><span style=\"font-family: Calibri, sans-serif;\"><span style=\"font-size: medium;\"> su sue\u00f1o de crear su propia caja finlandesa, gracias tambi\u00e9n al dise\u00f1ador Diego Mir. El resultado fue <a href=\"https:\/\/www.suvituuli.es\/\" target=\"_blank\" rel=\"noopener\"><strong>Suvituuli<\/strong><\/a>, que en finland\u00e9s significa \u201cviento fresco de verano\u201d, una caja sobria pero c\u00e1lida, colorida, alegre y confortable, en la que los beb\u00e9s pueden dormir hasta los cuatro o cinco meses.<\/span><\/span><\/span><\/p>\n<h3>Ventajas de una caja-cuna de cart\u00f3n<\/h3>\n<p><strong>Seg\u00fan sus creadores las ventajas de utilizar este tipo de cuna son muchas:<\/strong><\/p>\n<ol>\n<li><span style=\"color: #333333;\"><span style=\"font-family: Calibri, sans-serif;\"><span style=\"font-size: medium;\">\u00a0Al ser peque\u00f1as ofrecen al beb\u00e9 un espacio reducido que le proporciona protecci\u00f3n y seguridad.<\/span><\/span><\/span><\/li>\n<li><span style=\"font-size: medium; font-family: Calibri, sans-serif;\">La <\/span><a style=\"font-size: medium; font-family: Calibri, sans-serif;\" href=\"https:\/\/fxsanmarti.com\/\">caja de cart\u00f3n<\/a><span style=\"font-size: medium; font-family: Calibri, sans-serif;\"> puede ser utilizada tambi\u00e9n como cambiador si la tapamos.<\/span><\/li>\n<li><span style=\"font-size: medium; font-family: Calibri, sans-serif;\">Es ligera y f\u00e1cil de transportar por lo que nos la podemos llevar de viaje.<\/span><\/li>\n<li><span style=\"font-size: medium; font-family: Calibri, sans-serif;\">Una vez nos deje de ser \u00fatil como cuna, la<a href=\"https:\/\/fxsanmarti.com\/\"> caja de cart\u00f3n<\/a> puede ser utilizada para guardar ropa o juguetes del beb\u00e9.<\/span><\/li>\n<li><span style=\"font-size: medium; font-family: Calibri, sans-serif;\">Al ser el cart\u00f3n un material f\u00e1cilmente reciclable y de bajo coste, esta cuna es totalmente ecol\u00f3gica y econ\u00f3mica.<\/span><\/li>\n<\/ol>\n","protected":false},"excerpt":{"rendered":"<p>Hace unos meses habl\u00e1bamos en esta misma \u201cpantalla\u201d de las cajas cuna de cart\u00f3n finlandesas. Explic\u00e1bamos que en origen fueron un obsequio que empez\u00f3 a repartirse en 1938 en el pa\u00eds n\u00f3rdico y que, al principio, era s\u00f3lo para familias con bajos recursos. Esto cambi\u00f3 en 1949 cuando\u00a0empez\u00f3 a repartirse a todas las futuras madres&#8230;.<\/p>\n","protected":false},"author":2,"featured_media":1195,"comment_status":"closed","ping_status":"closed","sticky":false,"template":"","format":"standard","meta":{"footnotes":""},"categories":[5,8,15],"tags":[23,41,54],"class_list":["post-1194","post","type-post","status-publish","format-standard","has-post-thumbnail","hentry","category-cajas-de-carton","category-carton-reciclado","category-reciclaje-de-carton","tag-cajas-de-carton","tag-ideas-reciclajes","tag-reciclaje-de-carton"],"_links":{"self":[{"href":"https:\/\/fxsanmarti.com\/cajas_carton\/wp-json\/wp\/v2\/posts\/1194","targetHints":{"allow":["GET"]}}],"collection":[{"href":"https:\/\/fxsanmarti.com\/cajas_carton\/wp-json\/wp\/v2\/posts"}],"about":[{"href":"https:\/\/fxsanmarti.com\/cajas_carton\/wp-json\/wp\/v2\/types\/post"}],"author":[{"embeddable":true,"href":"https:\/\/fxsanmarti.com\/cajas_carton\/wp-json\/wp\/v2\/users\/2"}],"replies":[{"embeddable":true,"href":"https:\/\/fxsanmarti.com\/cajas_carton\/wp-json\/wp\/v2\/comments?post=1194"}],"version-history":[{"count":2,"href":"https:\/\/fxsanmarti.com\/cajas_carton\/wp-json\/wp\/v2\/posts\/1194\/revisions"}],"predecessor-version":[{"id":1200,"href":"https:\/\/fxsanmarti.com\/cajas_carton\/wp-json\/wp\/v2\/posts\/1194\/revisions\/1200"}],"wp:featuredmedia":[{"embeddable":true,"href":"https:\/\/fxsanmarti.com\/cajas_carton\/wp-json\/wp\/v2\/media\/1195"}],"wp:attachment":[{"href":"https:\/\/fxsanmarti.com\/cajas_carton\/wp-json\/wp\/v2\/media?parent=1194"}],"wp:term":[{"taxonomy":"category","embeddable":true,"href":"https:\/\/fxsanmarti.com\/cajas_carton\/wp-json\/wp\/v2\/categories?post=1194"},{"taxonomy":"post_tag","embeddable":true,"href":"https:\/\/fxsanmarti.com\/cajas_carton\/wp-json\/wp\/v2\/tags?post=1194"}],"curies":[{"name":"wp","href":"https:\/\/api.w.org\/{rel}","templated":true}]}}