{"id":122,"date":"2013-11-13T16:40:14","date_gmt":"2013-11-13T16:40:14","guid":{"rendered":"http:\/\/fxfabricadecarton.wordpress.com\/?p=122"},"modified":"2013-11-13T16:40:14","modified_gmt":"2013-11-13T16:40:14","slug":"reciclar-carton-la-arquitectura-del-carton","status":"publish","type":"post","link":"https:\/\/fxsanmarti.com\/cajas_carton\/reciclar-carton-la-arquitectura-del-carton\/","title":{"rendered":"RECICLAR CART\u00d3N. \u00abLa arquitectura del cart\u00f3n\u00bb"},"content":{"rendered":"<p><strong><span style=\"line-height:1.5;\">IDEAS Y PROYECTOS CON CART\u00d3N<\/span><\/strong><\/p>\n<p><span style=\"line-height:1.5;\">La materia prima es barata, <a href=\"http:\/\/fxsanmarti.com\/cajas_de_carton\/\">cajas de cart\u00f3n<\/a>,\u00a0la construcci\u00f3n no requiere disponer de grandes infraestructuras, <a href=\"http:\/\/fxsanmarti.com\/carton_ondulado\/embalaje_primera_clase\/\">ecol\u00f3gico, reciclable y ligero<\/a>. Quizas, los \u00fanicos l\u00edmites que plantea el trabajo con <strong>cart\u00f3n<\/strong> se encuentran en la propia imaginaci\u00f3n.<br \/>\n<\/span><\/p>\n<figure id=\"attachment_123\" aria-describedby=\"caption-attachment-123\" style=\"width: 614px\" class=\"wp-caption aligncenter\"><a href=\"http:\/\/fxsanmarti.com\/2018\/cajas_carton\/wp-content\/uploads\/2013\/11\/fabrica.jpg\"><img loading=\"lazy\" decoding=\"async\" class=\"size-large wp-image-123\" src=\"http:\/\/fxsanmarti.com\/2018\/cajas_carton\/wp-content\/uploads\/2013\/11\/fabrica.jpg?w=614\" alt=\"Santiago Carrera, jefe de producci\u00f3n de Seris\u00e1n, rodeado de todas sus creaciones realizadas en cart\u00f3n. \/ Daniel Pedriza\" width=\"614\" height=\"219\" srcset=\"https:\/\/fxsanmarti.com\/cajas_carton\/wp-content\/uploads\/2013\/11\/fabrica.jpg 647w, https:\/\/fxsanmarti.com\/cajas_carton\/wp-content\/uploads\/2013\/11\/fabrica-300x107.jpg 300w\" sizes=\"auto, (max-width: 614px) 100vw, 614px\" \/><\/a><figcaption id=\"caption-attachment-123\" class=\"wp-caption-text\">Santiago Carrera, jefe de producci\u00f3n de Seris\u00e1n, rodeado de todas sus creaciones realizadas en cart\u00f3n. \u00a0&#8211; \/ Foto Daniel Pedriza<\/figcaption><\/figure>\n<p><span style=\"line-height:1.5;\"><em style=\"line-height:1.5;\"><br \/>\n\u00abPuedes llevar sus posibilidades hasta donde quieras: ferias de exposiciones con stands, ideas de marketing para supermercados, mobiliario para el hogar, adornos, todo. Y es diferente. Si acudes a unos grandes almacenes y te encuentras una de estas estructuras, es mucho m\u00e1s f\u00e1cil que te llame la atenci\u00f3n, porque casi no se hacen\u00bb<\/em><\/span><br \/>\nresume Santiago Carrera, jefe de producci\u00f3n de Seris\u00e1n, la empresa c\u00e1ntabra con m\u00e1s de 40 a\u00f1os de experiencia en comunicaci\u00f3n gr\u00e1fica y art\u00edfice de este tipo de arquitectura ligera.<\/p>\n<p>Su apuesta por la construcci\u00f3n en <strong><a title=\"Cajas de cart\u00f3n\" href=\"http:\/\/fxsanmarti.com\">cart\u00f3n<\/a><\/strong>\u00a0es casi \u00fanica en Espa\u00f1a. Segun el mismo santiago carrera<\/p>\n<p><em>\u00abDebemos ser unas cuatro empresas en todo el territorio nacional las que nos hemos arriesgado con esto\u00bb<\/em><\/p>\n<p>La crisis cierra mercados tradicionales y obliga a buscar alternativas.<\/p>\n<p><em>\u00abVimos las posibilidades de usar el <strong><a href=\"http:\/\/fxsanmarti.com\/carton_ondulado\/\">cart\u00f3n ondulado<\/a><\/strong>\u00a0en ferias internacionales, porque hay pa\u00edses como Francia que lo est\u00e1n trabajando mucho m\u00e1s. Nos gust\u00f3 y comenzamos a pensar en peque\u00f1os proyectos de \u2018packaging\u2019, cestas de navidad originales y pedidos peque\u00f1os, ese tipo de cosas\u00bb.<\/em><\/p>\n<p>Fuente:\u00a0<a href=\"http:\/\/www.eldiariomontanes.es\/\">http:\/\/www.eldiariomontanes.es<\/a><\/p>\n","protected":false},"excerpt":{"rendered":"<p>IDEAS Y PROYECTOS CON CART\u00d3N La materia prima es barata, cajas de cart\u00f3n,\u00a0la construcci\u00f3n no requiere disponer de grandes infraestructuras, ecol\u00f3gico, reciclable y ligero. Quizas, los \u00fanicos l\u00edmites que plantea el trabajo con cart\u00f3n se encuentran en la propia imaginaci\u00f3n. \u00abPuedes llevar sus posibilidades hasta donde quieras: ferias de exposiciones con stands, ideas de marketing&#8230;<\/p>\n","protected":false},"author":2,"featured_media":0,"comment_status":"open","ping_status":"open","sticky":false,"template":"","format":"standard","meta":{"footnotes":""},"categories":[6,8,13,15],"tags":[28,55],"class_list":["post-122","post","type-post","status-publish","format-standard","hentry","category-carton-2","category-carton-reciclado","category-noticias","category-reciclaje-de-carton","tag-carton","tag-reciclar"],"_links":{"self":[{"href":"https:\/\/fxsanmarti.com\/cajas_carton\/wp-json\/wp\/v2\/posts\/122","targetHints":{"allow":["GET"]}}],"collection":[{"href":"https:\/\/fxsanmarti.com\/cajas_carton\/wp-json\/wp\/v2\/posts"}],"about":[{"href":"https:\/\/fxsanmarti.com\/cajas_carton\/wp-json\/wp\/v2\/types\/post"}],"author":[{"embeddable":true,"href":"https:\/\/fxsanmarti.com\/cajas_carton\/wp-json\/wp\/v2\/users\/2"}],"replies":[{"embeddable":true,"href":"https:\/\/fxsanmarti.com\/cajas_carton\/wp-json\/wp\/v2\/comments?post=122"}],"version-history":[{"count":0,"href":"https:\/\/fxsanmarti.com\/cajas_carton\/wp-json\/wp\/v2\/posts\/122\/revisions"}],"wp:attachment":[{"href":"https:\/\/fxsanmarti.com\/cajas_carton\/wp-json\/wp\/v2\/media?parent=122"}],"wp:term":[{"taxonomy":"category","embeddable":true,"href":"https:\/\/fxsanmarti.com\/cajas_carton\/wp-json\/wp\/v2\/categories?post=122"},{"taxonomy":"post_tag","embeddable":true,"href":"https:\/\/fxsanmarti.com\/cajas_carton\/wp-json\/wp\/v2\/tags?post=122"}],"curies":[{"name":"wp","href":"https:\/\/api.w.org\/{rel}","templated":true}]}}