{"id":669,"date":"2019-02-25T18:12:01","date_gmt":"2019-02-25T18:12:01","guid":{"rendered":"https:\/\/fxsanmarti.com\/cajas_carton\/?p=669"},"modified":"2019-02-25T18:12:01","modified_gmt":"2019-02-25T18:12:01","slug":"el-comercio-on-line-es-un-reto-para-la-industria-del-embalaje","status":"publish","type":"post","link":"https:\/\/fxsanmarti.com\/cajas_carton\/el-comercio-on-line-es-un-reto-para-la-industria-del-embalaje\/","title":{"rendered":"El comercio on-line es un reto para la industria del embalaje"},"content":{"rendered":"<p>Tras el \u00e9xito del ciclo de conferencias \u201cDi\u00e1logos de Packaging\u201d que se celebr\u00f3 el a\u00f1o 2018 por primera vez organizado por el <a href=\"http:\/\/www.hispack.com\/\">sal\u00f3n Hispack de Fira de Barcelona<\/a> y el IQS Executive Education, el pr\u00f3ximo 19 de marzo se va a celebrar una nueva jornada en Madrid.<\/p>\n<blockquote><p>El objetivo de este ciclo es promover, en diferentes ciudades espa\u00f1olas, el networking profesional y el conocimiento en torno al mundo del envase y el embalaje.<\/p><\/blockquote>\n<p>Este a\u00f1o la Plataforma Tecnol\u00f3gica Food for Life-Spain (PTF4LS), liderada por la Federaci\u00f3n Espa\u00f1ola de Industrias de Alimentaci\u00f3n y Bebidas (FIAB) se ha sumado a la iniciativa. La jornada del 19 de marzo se centrar\u00e1 en<a href=\"https:\/\/fxsanmarti.com\/cajas_carton\/el-comercio-on-line-es-un-reto-para-la-industria-del-embalaje\"> el reto de la sostenibilidad del packaging para el e-commerce<\/a> desde el punto de vista de la econom\u00eda circular.<\/p>\n<figure id=\"attachment_671\" aria-describedby=\"caption-attachment-671\" style=\"width: 275px\" class=\"wp-caption aligncenter\"><a href=\"https:\/\/fxsanmarti.com\/cajas_carton\/packaging-fundamental-para-empezar-con-buen-pie\/\"><img loading=\"lazy\" decoding=\"async\" class=\"size-full wp-image-671\" src=\"https:\/\/fxsanmarti.com\/cajas_carton\/wp-content\/uploads\/2019\/02\/hispack.jpg\" alt=\"El comercio on-line es un reto para la industria del embalaje\" width=\"275\" height=\"183\" \/><\/a><figcaption id=\"caption-attachment-671\" class=\"wp-caption-text\">El comercio on-line es un reto para la industria del embalaje<\/figcaption><\/figure>\n<p>Esta nueva jornada de \u201cDi\u00e1logos de Packaging\u201d tendr\u00e1 lugar en la sede de la Confederaci\u00f3n Espa\u00f1ola de Organizaciones Empresariales (CEOE, c.\/ Diego de Le\u00f3n, 50, Madrid, la entrada es gratuita y el aforo limitado) lleva por t\u00edtulo \u201c<a href=\"https:\/\/fxsanmarti.com\/cajas_carton\/el-packaging-factor-clave-para-la-exportacion\/\"><strong>Packaging: Econom\u00eda Circular. La problem\u00e1tica del e-commerce<\/strong><\/a>\u201d y ser\u00e1 la primera de las cuatro que van a celebrarse en el 2019. En ella se tratar\u00e1 <strong>del reto que supone el comercio on-line a la multifuncionalidad del packaging<\/strong>. Este es un elemento clave en la manipulaci\u00f3n de los objetos y la log\u00edstica. Pero tambi\u00e9n se tendr\u00e1 muy presente <strong>el <a href=\"http:\/\/fxsanmarti.com\/cajas_carton\/tag\/packaging\/\">packaging<\/a> como elemento para la preservaci\u00f3n, protecci\u00f3n, presentaci\u00f3n y comunicaci\u00f3n del producto<\/strong>, sin olvidar la fidelizaci\u00f3n del cliente.<\/p>\n<p>Otro <strong>factor clave del que se va tratar en la jornada ser\u00e1 la sostenibilidad<\/strong>, un elemento asumido intensamente por la industria del envase y el embalaje para responder la necesidades planteadas por cada vez m\u00e1s sectores para cuidar y proteger el medioambiente.<\/p>\n<blockquote><p>Se hablar\u00e1 de materiales sostenibles como el cart\u00f3n, los procesos de producci\u00f3n, el ciclo de vida del producto y la apuesta por la reutilizaci\u00f3n y el reciclaje.<\/p><\/blockquote>\n<p>El moderador de la jornada ser\u00e1 <strong>Antonio Jes\u00fas Mart\u00ednez Gim\u00e9nez<\/strong>, jefe de \u00c1rea Bebidas y Envases en Publicaciones Alimarket, S.A., y los ponentes, <strong>Jorge Serrano Pacheco<\/strong>, gerente de Empresas y Ecodise\u00f1o en ECOEMBES; <strong>Joaqu\u00edn \u00c1lvarez Portela<\/strong>, CEO de la empresa Fresco y del Mar; <strong>Ver\u00f3nica Kuchinow<\/strong>, Founder &amp; CEO S\u00cdMBIOSY y profesora responsable de Sostenibilidad Industrial de IQS Executive Education; y <strong>Montse Castillo Malivern<\/strong>, socia directora en RepaQ Packaging Consulting &amp; Coordinadora Acad\u00e9mica del M\u00e1ster en Packaging Management de IQS Executive Education.<\/p>\n","protected":false},"excerpt":{"rendered":"<p>Tras el \u00e9xito del ciclo de conferencias \u201cDi\u00e1logos de Packaging\u201d que se celebr\u00f3 el a\u00f1o 2018 por primera vez organizado por el sal\u00f3n Hispack de Fira de Barcelona y el IQS Executive Education, el pr\u00f3ximo 19 de marzo se va a celebrar una nueva jornada en Madrid. El objetivo de este ciclo es promover, en&#8230;<\/p>\n","protected":false},"author":2,"featured_media":670,"comment_status":"closed","ping_status":"closed","sticky":false,"template":"","format":"standard","meta":{"footnotes":""},"categories":[13,69],"tags":[35,49],"class_list":["post-669","post","type-post","status-publish","format-standard","has-post-thumbnail","hentry","category-noticias","category-packaging","tag-fabricantes-de-carton","tag-packaging"],"_links":{"self":[{"href":"https:\/\/fxsanmarti.com\/cajas_carton\/wp-json\/wp\/v2\/posts\/669","targetHints":{"allow":["GET"]}}],"collection":[{"href":"https:\/\/fxsanmarti.com\/cajas_carton\/wp-json\/wp\/v2\/posts"}],"about":[{"href":"https:\/\/fxsanmarti.com\/cajas_carton\/wp-json\/wp\/v2\/types\/post"}],"author":[{"embeddable":true,"href":"https:\/\/fxsanmarti.com\/cajas_carton\/wp-json\/wp\/v2\/users\/2"}],"replies":[{"embeddable":true,"href":"https:\/\/fxsanmarti.com\/cajas_carton\/wp-json\/wp\/v2\/comments?post=669"}],"version-history":[{"count":1,"href":"https:\/\/fxsanmarti.com\/cajas_carton\/wp-json\/wp\/v2\/posts\/669\/revisions"}],"predecessor-version":[{"id":672,"href":"https:\/\/fxsanmarti.com\/cajas_carton\/wp-json\/wp\/v2\/posts\/669\/revisions\/672"}],"wp:featuredmedia":[{"embeddable":true,"href":"https:\/\/fxsanmarti.com\/cajas_carton\/wp-json\/wp\/v2\/media\/670"}],"wp:attachment":[{"href":"https:\/\/fxsanmarti.com\/cajas_carton\/wp-json\/wp\/v2\/media?parent=669"}],"wp:term":[{"taxonomy":"category","embeddable":true,"href":"https:\/\/fxsanmarti.com\/cajas_carton\/wp-json\/wp\/v2\/categories?post=669"},{"taxonomy":"post_tag","embeddable":true,"href":"https:\/\/fxsanmarti.com\/cajas_carton\/wp-json\/wp\/v2\/tags?post=669"}],"curies":[{"name":"wp","href":"https:\/\/api.w.org\/{rel}","templated":true}]}}