{"id":882,"date":"2019-10-21T18:03:42","date_gmt":"2019-10-21T18:03:42","guid":{"rendered":"https:\/\/fxsanmarti.com\/cajas_carton\/?p=882"},"modified":"2019-10-22T10:27:31","modified_gmt":"2019-10-22T10:27:31","slug":"cajas-de-carton-en-la-cabeza-para-evitar-que-los-alumnos-copien","status":"publish","type":"post","link":"https:\/\/fxsanmarti.com\/cajas_carton\/cajas-de-carton-en-la-cabeza-para-evitar-que-los-alumnos-copien\/","title":{"rendered":"Cajas de cart\u00f3n en la cabeza para evitar que los alumnos copien"},"content":{"rendered":"<p>Somos <a href=\"https:\/\/fxsanmarti.com\">fabricantes de cajas de cart\u00f3n<\/a> desde 1925. \u00a1\u00a1<strong>Desde 1925<\/strong>!! Y en todos los a\u00f1os que hace que nos dedicamos a ello <strong>hemos fabricado cajas para un sinf\u00edn de utilidades<\/strong>. Cajas para botellas, para ropa, para maquinaria, para piezas grandes, para piezas muy peque\u00f1as\u2026 Una vez utilizadas, somos conscientes que, antes de su reciclado, nuestras cajas han podido servir para mil y una cosa que seguramente no somos capaces de imaginar.<\/p>\n<p>Y todo esto \u00bfa qu\u00e9 viene?, se preguntar\u00e1 m\u00e1s de uno. Pues viene porqu\u00e9 nos hemos enterado de una noticia que nos ha sorprendido y no gratamente precisamente.<\/p>\n<figure id=\"attachment_884\" aria-describedby=\"caption-attachment-884\" style=\"width: 963px\" class=\"wp-caption aligncenter\"><a href=\"https:\/\/fxsanmarti.com\/cajas_carton\/cajas-de-carton-en-la-cabeza-para-evitar-que-los-alumnos-copien\/cajas1\/\" rel=\"attachment wp-att-884\"><img loading=\"lazy\" decoding=\"async\" class=\"size-full wp-image-884\" src=\"https:\/\/fxsanmarti.com\/cajas_carton\/wp-content\/uploads\/2019\/10\/cajas1.jpg\" alt=\"\" width=\"963\" height=\"534\" srcset=\"https:\/\/fxsanmarti.com\/cajas_carton\/wp-content\/uploads\/2019\/10\/cajas1.jpg 963w, https:\/\/fxsanmarti.com\/cajas_carton\/wp-content\/uploads\/2019\/10\/cajas1-300x166.jpg 300w, https:\/\/fxsanmarti.com\/cajas_carton\/wp-content\/uploads\/2019\/10\/cajas1-768x426.jpg 768w\" sizes=\"auto, (max-width: 963px) 100vw, 963px\" \/><\/a><figcaption id=\"caption-attachment-884\" class=\"wp-caption-text\">Los alumnos en pleno examen. La foto que ha provocado indignaci\u00f3n en las redes<\/figcaption><\/figure>\n<p>Resulta que en la India, concretamente en el Bhagat Pre-University College de la ciudad de Haveri, <strong>para evitar que los alumnos copiaran<\/strong> en el transcurso de un examen de qu\u00edmica no se les ocurri\u00f3 nada mejor que <strong>colocar una caja de cart\u00f3n en la cabeza<\/strong> de cada uno de los estudiantes. Alguien sac\u00f3 unas fotos y estas, obviamente, se hicieron virales y obtuvieron fuertes cr\u00edticas en las redes. Al director de la escuela, MB Sateesh,<strong> no le qued\u00f3 m\u00e1s remedio que disculparse<\/strong>, aunque su justificaci\u00f3n result\u00f3 poco cre\u00edble. Sateesh afirm\u00f3 que esta pr\u00e1ctica era experimental y que no hab\u00edan obligado a nadie a ponerse la caja en la cabeza.<\/p>\n<blockquote><p>Era tan experimental que, tras el revuelo causado, han decidido abandonar esta pr\u00e1ctica y ponerse a disposici\u00f3n de las autoridades competentes para aclarar lo ocurrido.<\/p><\/blockquote>\n<p>En todo caso las <a href=\"https:\/\/fxsanmarti.com\">cajas de cart\u00f3n<\/a> en la cabeza mejor para hacer cabezudos para que los ni\u00f1os jueguen con ellas. Para evitar que los alumnos copien seguro que hay otros m\u00e9todos menos singulares.<\/p>\n","protected":false},"excerpt":{"rendered":"<p>Somos fabricantes de cajas de cart\u00f3n desde 1925. \u00a1\u00a1Desde 1925!! Y en todos los a\u00f1os que hace que nos dedicamos a ello hemos fabricado cajas para un sinf\u00edn de utilidades. Cajas para botellas, para ropa, para maquinaria, para piezas grandes, para piezas muy peque\u00f1as\u2026 Una vez utilizadas, somos conscientes que, antes de su reciclado, nuestras&#8230;<\/p>\n","protected":false},"author":2,"featured_media":883,"comment_status":"closed","ping_status":"closed","sticky":false,"template":"","format":"standard","meta":{"footnotes":""},"categories":[13,1],"tags":[23,26,27],"class_list":["post-882","post","type-post","status-publish","format-standard","has-post-thumbnail","hentry","category-noticias","category-logistica-packaging","tag-cajas-de-carton","tag-carton-ondulado","tag-carton-reciclado"],"_links":{"self":[{"href":"https:\/\/fxsanmarti.com\/cajas_carton\/wp-json\/wp\/v2\/posts\/882","targetHints":{"allow":["GET"]}}],"collection":[{"href":"https:\/\/fxsanmarti.com\/cajas_carton\/wp-json\/wp\/v2\/posts"}],"about":[{"href":"https:\/\/fxsanmarti.com\/cajas_carton\/wp-json\/wp\/v2\/types\/post"}],"author":[{"embeddable":true,"href":"https:\/\/fxsanmarti.com\/cajas_carton\/wp-json\/wp\/v2\/users\/2"}],"replies":[{"embeddable":true,"href":"https:\/\/fxsanmarti.com\/cajas_carton\/wp-json\/wp\/v2\/comments?post=882"}],"version-history":[{"count":4,"href":"https:\/\/fxsanmarti.com\/cajas_carton\/wp-json\/wp\/v2\/posts\/882\/revisions"}],"predecessor-version":[{"id":888,"href":"https:\/\/fxsanmarti.com\/cajas_carton\/wp-json\/wp\/v2\/posts\/882\/revisions\/888"}],"wp:featuredmedia":[{"embeddable":true,"href":"https:\/\/fxsanmarti.com\/cajas_carton\/wp-json\/wp\/v2\/media\/883"}],"wp:attachment":[{"href":"https:\/\/fxsanmarti.com\/cajas_carton\/wp-json\/wp\/v2\/media?parent=882"}],"wp:term":[{"taxonomy":"category","embeddable":true,"href":"https:\/\/fxsanmarti.com\/cajas_carton\/wp-json\/wp\/v2\/categories?post=882"},{"taxonomy":"post_tag","embeddable":true,"href":"https:\/\/fxsanmarti.com\/cajas_carton\/wp-json\/wp\/v2\/tags?post=882"}],"curies":[{"name":"wp","href":"https:\/\/api.w.org\/{rel}","templated":true}]}}